{"id":661,"date":"2019-08-21T05:57:40","date_gmt":"2019-08-21T12:57:40","guid":{"rendered":"https:\/\/www.hillandpiibe.com\/?p=661"},"modified":"2024-08-07T10:05:50","modified_gmt":"2024-08-07T17:05:50","slug":"la-nueva-regla-de-carga-publica","status":"publish","type":"post","link":"https:\/\/www.hillandpiibe.com\/es\/noticias\/2019\/08\/21\/la-nueva-regla-de-carga-publica\/","title":{"rendered":"LA NUEVA REGLA DE CARGA P\u00daBLICA"},"content":{"rendered":"<p><em>By Susan E. Hill<\/em>\u00a0<\/p>\n<div dir=\"ltr\">En Agosto 14, 2019 el Departamento de Seguridad Nacional (o DHS por sus siglas en ingl\u00e9s) public\u00f3 la regla final en relaci\u00f3n\u00a0 a la inadmisibilidad por \u00abcarga p\u00fablica\u00bb, incrementando el escrutinio del estatus financiero de la mayor\u00eda de personas que soliciten estatus legal dentro de los Estados Unidos. A continuaci\u00f3n encontrar\u00e1 informaci\u00f3n muy importante sobre el tema.<\/p>\n<div>\u00a0<\/div>\n<div><b>Que significa el t\u00e9rmino\u00bbcarga p\u00fablica?<\/b>\u00bb Se refiere a las personas que en un futuro, dependeran de los beneficios p\u00fablicos. En otras palabras, para que a usted se le permita obtener estatus legal dentro los Estados Unidos, usted tendr\u00e1 que comprobar se mantendra siendo financieramente auto-suficiente y que no recibira asistencia social de ningun tipo.<\/div>\n<div>\u00a0<\/div>\n<div>\n<div><b>Quienes se ver\u00e1n afectados con este nuevo reglamento?\u00a0<\/b>Seran afectadas la mayor\u00eda de personas que sometan una aplicaci\u00f3n con el DHS solicitando se les otorgue estatus legal migratorio dentro de los Estados Unidos. Esto incluye Ajustes de Estatus (I-485; Tarjeta Verde), Extensi\u00f3n o Cambio de Status de No Inmigrante (I-129), entre otros. Esta regla\u00a0<u>no\u00a0aplicar\u00e1<\/u>\u00a0a las personas que gocen de un amparo humanitario, tales como Refugiados, Asilados, Inmigrante Especial Juveniles (SIJs), v\u00edctimas de tr\u00e1fico humano (Visa T),\u00a0 v\u00edctimas de actividad criminal calificada (Visa U) o victimas de violencia domestica (VAWA auto-peticiones), entre otros.<\/div>\n<div>\u00a0<\/div>\n<div><b>Que debo comprobar?\u00a0<\/b>Usted tendr\u00e1 que comprobar que ciertamente es lo m\u00e1s probable que usted contin\u00fae siendo una persona econ\u00f3micamente auto-suficiente, por lo tanto, usted es el responsable de hacer menci\u00f3n sobre esta situaci\u00f3n y someter evidencia debida en lugar de esperar a que DHS la solicite. No se le dar\u00e1 el beneficio de la duda si su evidencia no es clara. Para los aplicantes de Ajuste de Status (tarjeta verde), usted deber\u00e1 archivar el nuevo formulario I-944 junto con solicitud original. Este formulario consiste en una serie de preguntas que exige una amplia informaci\u00f3n\u00a0 financiera, antecedentes sobre usted y su hogar, tambien requiere presente informes de cr\u00e9dito, transcripciones de impuestos y muchos otros tipos de evidencia.<\/div>\n<div>\u00a0<\/div>\n<div><b>En <\/b><b>qu\u00e9<\/b><b> difiere este reglamento de la ley actual? <\/b>La diferencia es que el nuevo reglamento le permite al gobierno ser mucho m\u00e1s agresivo d\u00e1ndole el derecho de negar aplicaciones bajo discreci\u00f3n. Para las los actuales aplicantes de la tarjeta verdes por medio de petici\u00f3n familiar,<span style=\"font-family: inherit;\"> la preocupaci\u00f3n de \u00abcarga p\u00fablica\u00bb se borra con que el patrocinador presente una Declaraci\u00f3n Jurada de Apoyo, la cual es obligatoria, prometiendo que <\/span>pagar\u00e1<span style=\"font-family: inherit;\"> de regreso al gobierno en caso de que el aplicante llegue a<\/span><span style=\"font-family: inherit;\"> colectar beneficios sociales\/<\/span>p\u00fablicos<span style=\"font-family: inherit;\">. Ahora esa promesa ya no va a ser suficiente y el inmigrante tiene que <\/span>tambi\u00e9n<span style=\"font-family: inherit;\"> revelar <\/span>informaci\u00f3n<span style=\"font-family: inherit;\"> detallada acerca de las probabilidades futuras en cuanto a su <\/span>estabilidad<span style=\"font-family: inherit;\"> financiera.<\/span><\/div>\n<\/div>\n<div><span style=\"font-family: inherit;\">\u00a0<\/span><\/div>\n<div><b>Fecha en que <\/b><b>entrar\u00e1<\/b><b> en efecto: <\/b><b>Octubre<\/b><b> 15,2019 <\/b>&#8211; Las aplicaciones que se archiven a partir de esta fecha en adelante ser\u00e1n sujetas al alto escrutinio por lo que deber\u00e1 someter evidencia adicional sobre cargo p\u00fablico. (vea abajo)<\/div>\n<div><span style=\"font-family: inherit;\">\u00a0<\/span><\/div>\n<div><b>Nuevos factores que se <\/b><b>tomar\u00e1n<\/b><b> en<\/b><b> <\/b><b>consideraci\u00f3n<\/b><b>: <\/b><span style=\"font-family: inherit;\">Edad, Salud, Estatus Familiar, <\/span>Educaci\u00f3n<span style=\"font-family: inherit;\"> y habilidades, propiedades y recursos, estado financiero <\/span>y si recibi\u00f3 beneficios p\u00fablicos en el pasado durante m\u00e1s de 12 meses en total.<\/div>\n<div>\u00a0<\/div>\n<div><b>Que es considerado beneficio publico? <\/b> Se definiran como:<\/div>\n<div>1. Cualquier asistencia federal, estatal, local o tribal en efectivo para mantenimiento de ingresos.<\/div>\n<div>2. Ingreso recibido por parte del Seguro Social (SSI)<\/div>\n<div>3. Asistencia Temporal para Familias Necesitadas (TANF o \u00abWelfare\u00bb)<\/div>\n<div>4. Programas del Gobierno ya sean federales, estatales o tribales de beneficio en efectivo para el mantenimiento de ingresos.<\/div>\n<div>5. Programa de Asistencia Nutricional Suplementaria (SNAP o cupones de alimentos)<\/div>\n<div><span style=\"font-family: Roboto, arial, sans-serif;\">6. Asistencia de vivienda bajo Secci\u00f3n 8 (<\/span>Programa de vales para Elecci\u00f3n de Vivienda y Asistencia de Alquiler<span style=\"font-family: Roboto, arial, sans-serif;\">)<\/span><\/div>\n<div><span style=\"font-family: Roboto, arial, sans-serif;\">7. Medicaid recibido despu\u00e9s de tener 21 a\u00f1os de edad (Medicaid para control de embarazo no se considera como \u00abcarga publica\u00bb<\/span><\/div>\n<div><span style=\"font-family: Roboto, arial, sans-serif;\">\u00a0<\/span><\/div>\n<div><b>Que no es <\/b><b>considerado<\/b><b> beneficio publico? <\/b><span style=\"font-family: inherit;\">Beneficios por desempleo, <\/span>compensaci\u00f3n<span style=\"font-family: inherit;\"> laboral, pagos de aseguranza a causa de accidentes, Medicaid recibido antes de cumplir 21 a\u00f1os de edad, <\/span>Medicaid<span style=\"font-family: inherit;\"> recibido durante el embarazo hasta que el <\/span>beb\u00e9<span style=\"font-family: inherit;\"> cumpla 60 <\/span>d\u00edas de nacido.<\/div>\n<div>\u00a0<\/div>\n<div><b>Cual es el periodo tiempo tomado en <\/b><b>consideraci\u00f3n<\/b><b> en caso de haber recibido asist<\/b><b>encia <\/b><b>p\u00fablica<\/b><b> en el pasado? <\/b>Si usted recibi\u00f3 cualquier tipo de asistencia <u>antes<\/u> de Octubre 15, 2019, <u>no le causara ningun inconveniente.<\/u> Pero, si usted obtiene cualquier tipo asistencia despu\u00e9s de Octubre 15, 2019, DHS procedera a revisar los \u00faltimos 36 meses anteriores a la fecha en que su aplicaci\u00f3n fue archivada. Luego totalizar\u00e1 todos beneficios p\u00fablicos que fueron recibidos por mes. Usted, no puede acumular m\u00e1s de un total de 12 meses de beneficios en un periodo de 3 a\u00f1os. Por ejemplo, si usted recibi\u00f3 2 beneficios diferentes en un mes, supongamos SNAP y TANF, estos ser\u00e1n contados como 2 meses.<\/div>\n<div>\u00a0<\/div>\n<div><b>Qu\u00e9\u00a0sucede si miembros de mi familia han recibido beneficios p\u00fablicos?\u00a0<\/b><span style=\"font-family: Roboto, arial, sans-serif;\">Los beneficios que otros miembros del hogar est\u00e9n recibiendo <\/span><span style=\"font-family: Roboto, arial, sans-serif;\">no ser\u00e1n tomados en cuentan para su l\u00edmite m\u00e1ximo de 12. Sin embargo, DHS lo tomar\u00e1 en <\/span><span style=\"font-family: Roboto, arial, sans-serif;\">consideraci\u00f3n <\/span>y lo equilibrar\u00e1 con todos los dem\u00e1s factores.<\/div>\n<div>\u00a0<\/div>\n<div><b>\u00a0Qu\u00e9\u00a0sucede si estoy aplicando en un consulado fuera de los Estados Unidos?\u00a0<\/b>\u00a0El Departamento de Estado es el encargado de procesar los casos consulares. Estos a\u00fan no se ver\u00e1n afectados con esta nueva regulaci\u00f3n. Sin embargo, se ha anticipando que pronto adoptar\u00e1n de igual manera esta nueva regla.<\/div>\n<div>\u00a0<\/div>\n<div><b>Existe alguien que se oponga y\/o este desafiando esta nueva regla?\u00a0<\/b><span style=\"color: #58585a; font-family: Lato, Arial, Helvetica Neue, Helvetica, sans-serif;\">Si, ya hay demandas judiciales que est\u00e1n siendo presentadas.<\/span><\/div>\n<div><span style=\"color: #58585a; font-family: Lato, Arial, Helvetica Neue, Helvetica, sans-serif;\">\u00a0<\/span><\/div>\n<div><span style=\"color: #58585a; font-family: Lato, Arial, Helvetica Neue, Helvetica, sans-serif;\">Tome accion inmediatamente, y archive su caso antes de Octubre 15, de lo contrario se ver\u00e1\u00a0obligado a trabajar muy duro para poder cumplir con estos\u00a0nuevos requisitos.<\/span><\/div>\n<\/div>\n","protected":false},"excerpt":{"rendered":"<p>By Susan E. Hill\u00a0 En Agosto 14, 2019 el Departamento de Seguridad Nacional (o DHS por sus siglas en ingl\u00e9s) public\u00f3 la regla final en relaci\u00f3n\u00a0 a la inadmisibilidad por \u00abcarga p\u00fablica\u00bb, incrementando el escrutinio del estatus financiero de la mayor\u00eda de personas que soliciten estatus legal dentro de los Estados Unidos. A continuaci\u00f3n encontrar\u00e1 [&hellip;]<\/p>\n","protected":false},"author":878,"featured_media":0,"comment_status":"closed","ping_status":"closed","sticky":false,"template":"","format":"standard","meta":{"_acf_changed":false,"_jetpack_memberships_contains_paid_content":false,"footnotes":""},"categories":[40,6,38],"tags":[],"class_list":["post-661","post","type-post","status-publish","format-standard","hentry","category-casos-de-matrimonio-familia","category-noticias","category-tarjetas-verde"],"acf":[],"yoast_head":"<!-- This site is optimized with the Yoast SEO plugin v27.2 - https:\/\/yoast.com\/product\/yoast-seo-wordpress\/ -->\n<title>LA NUEVA REGLA DE CARGA P\u00daBLICA &#8226; Hill &amp; Piibe, Immigration Attorneys<\/title>\n<meta name=\"robots\" content=\"index, follow, max-snippet:-1, max-image-preview:large, max-video-preview:-1\" \/>\n<link rel=\"canonical\" href=\"https:\/\/www.hillandpiibe.com\/es\/noticias\/2019\/08\/21\/la-nueva-regla-de-carga-publica\/\" \/>\n<meta name=\"twitter:label1\" content=\"Escrito por\" \/>\n\t<meta name=\"twitter:data1\" content=\"Susan Hill\" \/>\n\t<meta name=\"twitter:label2\" content=\"Tiempo de lectura\" \/>\n\t<meta name=\"twitter:data2\" content=\"5 minutos\" \/>\n<script type=\"application\/ld+json\" class=\"yoast-schema-graph\">{\"@context\":\"https:\/\/schema.org\",\"@graph\":[{\"@type\":\"Article\",\"@id\":\"https:\/\/www.hillandpiibe.com\/es\/noticias\/2019\/08\/21\/la-nueva-regla-de-carga-publica\/#article\",\"isPartOf\":{\"@id\":\"https:\/\/www.hillandpiibe.com\/es\/noticias\/2019\/08\/21\/la-nueva-regla-de-carga-publica\/\"},\"author\":{\"name\":\"Susan Hill\",\"@id\":\"https:\/\/www.hillandpiibe.com\/en\/#\/schema\/person\/f704a7620380b179a3f58e1e4c7ddc55\"},\"headline\":\"LA NUEVA REGLA DE CARGA P\u00daBLICA\",\"datePublished\":\"2019-08-21T12:57:40+00:00\",\"dateModified\":\"2024-08-07T17:05:50+00:00\",\"mainEntityOfPage\":{\"@id\":\"https:\/\/www.hillandpiibe.com\/es\/noticias\/2019\/08\/21\/la-nueva-regla-de-carga-publica\/\"},\"wordCount\":973,\"articleSection\":[\"Casos de Matrimonio\/Familia\",\"Noticias de Inmigraci\u00f3n\",\"Tarjetas Verde\"],\"inLanguage\":\"es\"},{\"@type\":\"WebPage\",\"@id\":\"https:\/\/www.hillandpiibe.com\/es\/noticias\/2019\/08\/21\/la-nueva-regla-de-carga-publica\/\",\"url\":\"https:\/\/www.hillandpiibe.com\/es\/noticias\/2019\/08\/21\/la-nueva-regla-de-carga-publica\/\",\"name\":\"LA NUEVA REGLA DE CARGA P\u00daBLICA &#8226; Hill &amp; Piibe, Immigration Attorneys\",\"isPartOf\":{\"@id\":\"https:\/\/www.hillandpiibe.com\/en\/#website\"},\"datePublished\":\"2019-08-21T12:57:40+00:00\",\"dateModified\":\"2024-08-07T17:05:50+00:00\",\"author\":{\"@id\":\"https:\/\/www.hillandpiibe.com\/en\/#\/schema\/person\/f704a7620380b179a3f58e1e4c7ddc55\"},\"breadcrumb\":{\"@id\":\"https:\/\/www.hillandpiibe.com\/es\/noticias\/2019\/08\/21\/la-nueva-regla-de-carga-publica\/#breadcrumb\"},\"inLanguage\":\"es\",\"potentialAction\":[{\"@type\":\"ReadAction\",\"target\":[\"https:\/\/www.hillandpiibe.com\/es\/noticias\/2019\/08\/21\/la-nueva-regla-de-carga-publica\/\"]}]},{\"@type\":\"BreadcrumbList\",\"@id\":\"https:\/\/www.hillandpiibe.com\/es\/noticias\/2019\/08\/21\/la-nueva-regla-de-carga-publica\/#breadcrumb\",\"itemListElement\":[{\"@type\":\"ListItem\",\"position\":1,\"name\":\"Home\",\"item\":\"https:\/\/www.hillandpiibe.com\/es\/\"},{\"@type\":\"ListItem\",\"position\":2,\"name\":\"LA NUEVA REGLA DE CARGA P\u00daBLICA\"}]},{\"@type\":\"WebSite\",\"@id\":\"https:\/\/www.hillandpiibe.com\/en\/#website\",\"url\":\"https:\/\/www.hillandpiibe.com\/en\/\",\"name\":\"Hill &amp; Piibe, Immigration Attorneys\",\"description\":\"\",\"potentialAction\":[{\"@type\":\"SearchAction\",\"target\":{\"@type\":\"EntryPoint\",\"urlTemplate\":\"https:\/\/www.hillandpiibe.com\/en\/?s={search_term_string}\"},\"query-input\":{\"@type\":\"PropertyValueSpecification\",\"valueRequired\":true,\"valueName\":\"search_term_string\"}}],\"inLanguage\":\"es\"},{\"@type\":\"Person\",\"@id\":\"https:\/\/www.hillandpiibe.com\/en\/#\/schema\/person\/f704a7620380b179a3f58e1e4c7ddc55\",\"name\":\"Susan Hill\",\"image\":{\"@type\":\"ImageObject\",\"inLanguage\":\"es\",\"@id\":\"https:\/\/secure.gravatar.com\/avatar\/aadfe28ffd2650091d134d4d752904eb76b33704a56998114d82106e02bda76d?s=96&d=mm&r=g\",\"url\":\"https:\/\/secure.gravatar.com\/avatar\/aadfe28ffd2650091d134d4d752904eb76b33704a56998114d82106e02bda76d?s=96&d=mm&r=g\",\"contentUrl\":\"https:\/\/secure.gravatar.com\/avatar\/aadfe28ffd2650091d134d4d752904eb76b33704a56998114d82106e02bda76d?s=96&d=mm&r=g\",\"caption\":\"Susan Hill\"},\"sameAs\":[\"http:\/\/www.hillandpiibe.com\"],\"url\":\"https:\/\/www.hillandpiibe.com\/es\/author\/shill\/\"}]}<\/script>\n<!-- \/ Yoast SEO plugin. -->","yoast_head_json":{"title":"LA NUEVA REGLA DE CARGA P\u00daBLICA &#8226; Hill &amp; Piibe, Immigration Attorneys","robots":{"index":"index","follow":"follow","max-snippet":"max-snippet:-1","max-image-preview":"max-image-preview:large","max-video-preview":"max-video-preview:-1"},"canonical":"https:\/\/www.hillandpiibe.com\/es\/noticias\/2019\/08\/21\/la-nueva-regla-de-carga-publica\/","twitter_misc":{"Escrito por":"Susan Hill","Tiempo de lectura":"5 minutos"},"schema":{"@context":"https:\/\/schema.org","@graph":[{"@type":"Article","@id":"https:\/\/www.hillandpiibe.com\/es\/noticias\/2019\/08\/21\/la-nueva-regla-de-carga-publica\/#article","isPartOf":{"@id":"https:\/\/www.hillandpiibe.com\/es\/noticias\/2019\/08\/21\/la-nueva-regla-de-carga-publica\/"},"author":{"name":"Susan Hill","@id":"https:\/\/www.hillandpiibe.com\/en\/#\/schema\/person\/f704a7620380b179a3f58e1e4c7ddc55"},"headline":"LA NUEVA REGLA DE CARGA P\u00daBLICA","datePublished":"2019-08-21T12:57:40+00:00","dateModified":"2024-08-07T17:05:50+00:00","mainEntityOfPage":{"@id":"https:\/\/www.hillandpiibe.com\/es\/noticias\/2019\/08\/21\/la-nueva-regla-de-carga-publica\/"},"wordCount":973,"articleSection":["Casos de Matrimonio\/Familia","Noticias de Inmigraci\u00f3n","Tarjetas Verde"],"inLanguage":"es"},{"@type":"WebPage","@id":"https:\/\/www.hillandpiibe.com\/es\/noticias\/2019\/08\/21\/la-nueva-regla-de-carga-publica\/","url":"https:\/\/www.hillandpiibe.com\/es\/noticias\/2019\/08\/21\/la-nueva-regla-de-carga-publica\/","name":"LA NUEVA REGLA DE CARGA P\u00daBLICA &#8226; Hill &amp; Piibe, Immigration Attorneys","isPartOf":{"@id":"https:\/\/www.hillandpiibe.com\/en\/#website"},"datePublished":"2019-08-21T12:57:40+00:00","dateModified":"2024-08-07T17:05:50+00:00","author":{"@id":"https:\/\/www.hillandpiibe.com\/en\/#\/schema\/person\/f704a7620380b179a3f58e1e4c7ddc55"},"breadcrumb":{"@id":"https:\/\/www.hillandpiibe.com\/es\/noticias\/2019\/08\/21\/la-nueva-regla-de-carga-publica\/#breadcrumb"},"inLanguage":"es","potentialAction":[{"@type":"ReadAction","target":["https:\/\/www.hillandpiibe.com\/es\/noticias\/2019\/08\/21\/la-nueva-regla-de-carga-publica\/"]}]},{"@type":"BreadcrumbList","@id":"https:\/\/www.hillandpiibe.com\/es\/noticias\/2019\/08\/21\/la-nueva-regla-de-carga-publica\/#breadcrumb","itemListElement":[{"@type":"ListItem","position":1,"name":"Home","item":"https:\/\/www.hillandpiibe.com\/es\/"},{"@type":"ListItem","position":2,"name":"LA NUEVA REGLA DE CARGA P\u00daBLICA"}]},{"@type":"WebSite","@id":"https:\/\/www.hillandpiibe.com\/en\/#website","url":"https:\/\/www.hillandpiibe.com\/en\/","name":"Hill &amp; Piibe, Immigration Attorneys","description":"","potentialAction":[{"@type":"SearchAction","target":{"@type":"EntryPoint","urlTemplate":"https:\/\/www.hillandpiibe.com\/en\/?s={search_term_string}"},"query-input":{"@type":"PropertyValueSpecification","valueRequired":true,"valueName":"search_term_string"}}],"inLanguage":"es"},{"@type":"Person","@id":"https:\/\/www.hillandpiibe.com\/en\/#\/schema\/person\/f704a7620380b179a3f58e1e4c7ddc55","name":"Susan Hill","image":{"@type":"ImageObject","inLanguage":"es","@id":"https:\/\/secure.gravatar.com\/avatar\/aadfe28ffd2650091d134d4d752904eb76b33704a56998114d82106e02bda76d?s=96&d=mm&r=g","url":"https:\/\/secure.gravatar.com\/avatar\/aadfe28ffd2650091d134d4d752904eb76b33704a56998114d82106e02bda76d?s=96&d=mm&r=g","contentUrl":"https:\/\/secure.gravatar.com\/avatar\/aadfe28ffd2650091d134d4d752904eb76b33704a56998114d82106e02bda76d?s=96&d=mm&r=g","caption":"Susan Hill"},"sameAs":["http:\/\/www.hillandpiibe.com"],"url":"https:\/\/www.hillandpiibe.com\/es\/author\/shill\/"}]}},"jetpack_featured_media_url":"","jetpack_sharing_enabled":true,"_links":{"self":[{"href":"https:\/\/www.hillandpiibe.com\/es\/wp-json\/wp\/v2\/posts\/661","targetHints":{"allow":["GET"]}}],"collection":[{"href":"https:\/\/www.hillandpiibe.com\/es\/wp-json\/wp\/v2\/posts"}],"about":[{"href":"https:\/\/www.hillandpiibe.com\/es\/wp-json\/wp\/v2\/types\/post"}],"author":[{"embeddable":true,"href":"https:\/\/www.hillandpiibe.com\/es\/wp-json\/wp\/v2\/users\/878"}],"replies":[{"embeddable":true,"href":"https:\/\/www.hillandpiibe.com\/es\/wp-json\/wp\/v2\/comments?post=661"}],"version-history":[{"count":1,"href":"https:\/\/www.hillandpiibe.com\/es\/wp-json\/wp\/v2\/posts\/661\/revisions"}],"predecessor-version":[{"id":663,"href":"https:\/\/www.hillandpiibe.com\/es\/wp-json\/wp\/v2\/posts\/661\/revisions\/663"}],"wp:attachment":[{"href":"https:\/\/www.hillandpiibe.com\/es\/wp-json\/wp\/v2\/media?parent=661"}],"wp:term":[{"taxonomy":"category","embeddable":true,"href":"https:\/\/www.hillandpiibe.com\/es\/wp-json\/wp\/v2\/categories?post=661"},{"taxonomy":"post_tag","embeddable":true,"href":"https:\/\/www.hillandpiibe.com\/es\/wp-json\/wp\/v2\/tags?post=661"}],"curies":[{"name":"wp","href":"https:\/\/api.w.org\/{rel}","templated":true}]}}